{"id":3373,"date":"2021-02-04T14:12:23","date_gmt":"2021-02-04T12:12:23","guid":{"rendered":"http:\/\/old.wsap.com.pl\/?p=3373"},"modified":"2021-02-04T14:29:40","modified_gmt":"2021-02-04T12:29:40","slug":"zarzadzenie-nr-5-2021-rektora-wsap-w-sprawie-ksztalcenia-w-warunkach-zwiazanych-z-zapobieganiem-przeciwdzialaniem-i-zwalczaniem-covid-19-w-semestrze-letnim-roku-akademickiego-2020-2021","status":"publish","type":"post","link":"http:\/\/old.wsap.com.pl\/?p=3373","title":{"rendered":"Zarz\u0105dzenie Nr 5\/2021 Rektora WSAP"},"content":{"rendered":"\t\t<div data-elementor-type=\"wp-post\" data-elementor-id=\"3373\" class=\"elementor elementor-3373\">\n\t\t\t\t\t\t<div class=\"elementor-inner\">\n\t\t\t\t<div class=\"elementor-section-wrap\">\n\t\t\t\t\t\t\t\t\t<section class=\"elementor-section elementor-top-section elementor-element elementor-element-5605b80 elementor-section-boxed elementor-section-height-default elementor-section-height-default\" data-id=\"5605b80\" data-element_type=\"section\">\n\t\t\t\t\t\t<div class=\"elementor-container elementor-column-gap-default\">\n\t\t\t\t\t\t\t<div class=\"elementor-row\">\n\t\t\t\t\t<div class=\"elementor-column elementor-col-100 elementor-top-column elementor-element elementor-element-9ca465a\" data-id=\"9ca465a\" data-element_type=\"column\">\n\t\t\t<div class=\"elementor-column-wrap elementor-element-populated\">\n\t\t\t\t\t\t\t<div class=\"elementor-widget-wrap\">\n\t\t\t\t\t\t<div class=\"elementor-element elementor-element-20e893d elementor-widget elementor-widget-text-editor\" data-id=\"20e893d\" data-element_type=\"widget\" data-widget_type=\"text-editor.default\">\n\t\t\t\t<div class=\"elementor-widget-container\">\n\t\t\t\t\t\t\t\t<div class=\"elementor-text-editor elementor-clearfix\">\n\t\t\t\t<p style=\"text-align: center;\"><strong>ZARZ\u0104DZENIE NR 5\/2021<\/strong><\/p><p style=\"text-align: center;\"><strong>REKTORA \u00a0WY\u017bSZEJ SZKO\u0141Y ADMINISTRACJI PUBLICZNEJ W OSTRO\u0141\u0118CE<\/strong><\/p><p style=\"text-align: center;\">z dnia 1 lutego 2021 r.<\/p><p style=\"text-align: center;\"><strong>w sprawie organizacji kszta\u0142cenia w warunkach zwi\u0105zanych z zapobieganiem, przeciwdzia\u0142aniem i zwalczaniem COVID-19 w semestrze letnim<\/strong><\/p><p style=\"text-align: center;\"><strong>roku akademickiego 2020\/2021<\/strong><\/p><p><strong>\u00a0<\/strong><\/p><p>Na podstawie art. 23 ust.1 i ust.2 pkt.2 oraz art. 67 ust. 4 ustawy z dnia 20 lipca 2018 r. Prawo o szkolnictwie wy\u017cszym i nauce (Dz. U. z 2020 r., poz. 85 z p\u00f3\u017an. zm.), maj\u0105c na uwadze sytuacj\u0119 epidemiczn\u0105, zarz\u0105dzam, co nast\u0119puje:<\/p><p style=\"text-align: center;\">\u00a7 1<\/p><p>W semestrze letnim roku akademickiego 2020\/2021 kszta\u0142cenie w Wy\u017cszej Szkole Administracji Publicznej w Ostro\u0142\u0119ce b\u0119dzie prowadzone w formie hybrydowej.<\/p><p style=\"text-align: center;\">\u00a7 2<\/p><p>Zaj\u0119cia w grupach powy\u017cej 30 os\u00f3b odbywaj\u0105 si\u0119 przy u\u017cyciu technik kszta\u0142cenia na odleg\u0142o\u015b\u0107. Dotyczy to w szczeg\u00f3lno\u015bci wyk\u0142ad\u00f3w i konwersatori\u00f3w.<\/p><p style=\"text-align: center;\">\u00a7 3<\/p><p>W grupach mniejszych ni\u017c 30 os\u00f3b zaj\u0119cia mog\u0105 by\u0107 realizowane stacjonarnie, jednak ich planowanie w poszczeg\u00f3lnych salach wyk\u0142adowych musi uwzgl\u0119dnia\u0107 wytyczne G\u0142\u00f3wnego Inspektora Sanitarnego, obowi\u0105zuj\u0105ce w dniu wydania tego zarz\u0105dzenia.<\/p><p style=\"text-align: center;\">\u00a7 4<\/p><p>W planowaniu zaj\u0119\u0107 stacjonarnych preferowane s\u0105 zaj\u0119cia o charakterze praktycznym (\u0107wiczenia, seminaria, praktyki) oraz zaj\u0119cia dla student\u00f3w ostatniego roku studi\u00f3w.<\/p><p style=\"text-align: center;\">\u00a7 5<\/p><p>Dopuszcza si\u0119 mo\u017cliwo\u015b\u0107 stacjonarnego egzaminowania lub zaliczania zaj\u0119\u0107 prowadzonych z\u00a0wykorzystaniem technik kszta\u0142cenia na odleg\u0142o\u015b\u0107 w sytuacji, gdy prowadz\u0105cy ma w\u0105tpliwo\u015bci co do skuteczno\u015bci weryfikacji wszystkich efekt\u00f3w kszta\u0142cenia w formie zdalnej. Przeprowadzenie takiego egzaminu lub zaliczenia oznacza konieczno\u015b\u0107 podzia\u0142u student\u00f3w na mniejsze grupy. Podzia\u0142 ten musi uwzgl\u0119dnia\u0107 wytyczne G\u0142\u00f3wnego Inspektora Sanitarnego.<\/p><p style=\"text-align: center;\">\u00a7 6<\/p><p>Zaj\u0119cia dydaktyczne nale\u017cy realizowa\u0107 zgodnie z planem studi\u00f3w.<\/p><p style=\"text-align: center;\">\u00a7 7<\/p><p>W przypadku zmiany sytuacji epidemicznej w trakcie semestru organizacja kszta\u0142cenia w\u00a0semestrze letnim roku akademickiego 2020\/2021 mo\u017ce ulec zmianie.<\/p><p style=\"text-align: center;\">\u00a7 8<\/p><p>Zarz\u0105dzenie wchodzi w \u017cycie z dniem podpisania.<\/p>\t\t\t\t\t<\/div>\n\t\t\t\t\t\t<\/div>\n\t\t\t\t<\/div>\n\t\t\t\t\t\t<\/div>\n\t\t\t\t\t<\/div>\n\t\t<\/div>\n\t\t\t\t\t\t\t\t<\/div>\n\t\t\t\t\t<\/div>\n\t\t<\/section>\n\t\t\t\t\t\t\t\t\t<\/div>\n\t\t\t<\/div>\n\t\t\t\t\t<\/div>\n\t\t","protected":false},"excerpt":{"rendered":"<p>ZARZ\u0104DZENIE NR 5\/2021 REKTORA &nbsp;WY\u017bSZEJ SZKO\u0141Y ADMINISTRACJI PUBLICZNEJ W OSTRO\u0141\u0118CE z dnia 1 lutego 2021 r. w sprawie organizacji kszta\u0142cenia w warunkach zwi\u0105zanych z zapobieganiem, przeciwdzia\u0142aniem i zwalczaniem COVID-19 w semestrze letnim roku akademickiego 2020\/2021 &nbsp; Na podstawie art. 23 ust.1 i ust.2 pkt.2 oraz art. 67 ust. 4 ustawy z dnia 20 lipca 2018 [&hellip;]<\/p>\n","protected":false},"author":3,"featured_media":0,"comment_status":"open","ping_status":"open","sticky":false,"template":"","format":"standard","meta":{"footnotes":""},"categories":[1],"tags":[],"class_list":["post-3373","post","type-post","status-publish","format-standard","hentry","category-aktualnosci","entry"],"_links":{"self":[{"href":"http:\/\/old.wsap.com.pl\/index.php?rest_route=\/wp\/v2\/posts\/3373"}],"collection":[{"href":"http:\/\/old.wsap.com.pl\/index.php?rest_route=\/wp\/v2\/posts"}],"about":[{"href":"http:\/\/old.wsap.com.pl\/index.php?rest_route=\/wp\/v2\/types\/post"}],"author":[{"embeddable":true,"href":"http:\/\/old.wsap.com.pl\/index.php?rest_route=\/wp\/v2\/users\/3"}],"replies":[{"embeddable":true,"href":"http:\/\/old.wsap.com.pl\/index.php?rest_route=%2Fwp%2Fv2%2Fcomments&post=3373"}],"version-history":[{"count":3,"href":"http:\/\/old.wsap.com.pl\/index.php?rest_route=\/wp\/v2\/posts\/3373\/revisions"}],"predecessor-version":[{"id":3377,"href":"http:\/\/old.wsap.com.pl\/index.php?rest_route=\/wp\/v2\/posts\/3373\/revisions\/3377"}],"wp:attachment":[{"href":"http:\/\/old.wsap.com.pl\/index.php?rest_route=%2Fwp%2Fv2%2Fmedia&parent=3373"}],"wp:term":[{"taxonomy":"category","embeddable":true,"href":"http:\/\/old.wsap.com.pl\/index.php?rest_route=%2Fwp%2Fv2%2Fcategories&post=3373"},{"taxonomy":"post_tag","embeddable":true,"href":"http:\/\/old.wsap.com.pl\/index.php?rest_route=%2Fwp%2Fv2%2Ftags&post=3373"}],"curies":[{"name":"wp","href":"https:\/\/api.w.org\/{rel}","templated":true}]}}